{"id":183,"date":"2020-06-14T22:09:54","date_gmt":"2020-06-14T20:09:54","guid":{"rendered":"https:\/\/diy.utebert.de\/?p=183"},"modified":"2020-06-14T22:09:54","modified_gmt":"2020-06-14T20:09:54","slug":"wandlung","status":"publish","type":"post","link":"https:\/\/diy.utebert.de\/?p=183","title":{"rendered":"Wandlung"},"content":{"rendered":"<p>An unserem H\u00e4uschen h\u00e4ngt eine ehemalige, nachtr\u00e4glich verglaste Veranda von etwa 9 Quadratmetern &#8211; der am vielseitigsten genutzte Raum&#8230;..<!--more--><\/p>\n<p style=\"text-align: center;\">Wintergarten<\/p>\n<p style=\"text-align: center;\"><img loading=\"lazy\" decoding=\"async\" class=\"alignnone size-medium wp-image-184\" src=\"https:\/\/diy.utebert.de\/wp-content\/uploads\/2020\/06\/IMG_20181225_100538093-225x300.jpg\" alt=\"\" width=\"225\" height=\"300\" \/> \u00a0\u00a0\u00a0\u00a0\u00a0 <img loading=\"lazy\" decoding=\"async\" class=\"alignnone size-medium wp-image-185\" src=\"https:\/\/diy.utebert.de\/wp-content\/uploads\/2020\/06\/IMG_20191029_172258258-225x300.jpg\" alt=\"\" width=\"225\" height=\"300\" \/><\/p>\n<p>&nbsp;<\/p>\n<p style=\"text-align: center;\">G\u00e4stezimmer<\/p>\n<p style=\"text-align: center;\"><img loading=\"lazy\" decoding=\"async\" class=\"alignnone size-medium wp-image-186\" src=\"https:\/\/diy.utebert.de\/wp-content\/uploads\/2020\/06\/IMG_20200208_213009698-225x300.jpg\" alt=\"\" width=\"225\" height=\"300\" \/> \u00a0\u00a0\u00a0\u00a0\u00a0 <img loading=\"lazy\" decoding=\"async\" class=\"alignnone size-medium wp-image-188\" src=\"https:\/\/diy.utebert.de\/wp-content\/uploads\/2020\/06\/IMG-20200610-WA0017-scaled-e1592164374776-300x169.jpeg\" alt=\"\" width=\"300\" height=\"169\" srcset=\"https:\/\/diy.utebert.de\/wp-content\/uploads\/2020\/06\/IMG-20200610-WA0017-scaled-e1592164374776-300x169.jpeg 300w, https:\/\/diy.utebert.de\/wp-content\/uploads\/2020\/06\/IMG-20200610-WA0017-scaled-e1592164374776-1024x576.jpeg 1024w, https:\/\/diy.utebert.de\/wp-content\/uploads\/2020\/06\/IMG-20200610-WA0017-scaled-e1592164374776-768x432.jpeg 768w, https:\/\/diy.utebert.de\/wp-content\/uploads\/2020\/06\/IMG-20200610-WA0017-scaled-e1592164374776-1536x864.jpeg 1536w, https:\/\/diy.utebert.de\/wp-content\/uploads\/2020\/06\/IMG-20200610-WA0017-scaled-e1592164374776-2048x1152.jpeg 2048w\" sizes=\"auto, (max-width: 300px) 100vw, 300px\" \/><\/p>\n<p>&nbsp;<\/p>\n<p style=\"text-align: center;\">Esszimmer<\/p>\n<p style=\"text-align: center;\"><img loading=\"lazy\" decoding=\"async\" class=\"alignnone size-medium wp-image-187\" src=\"https:\/\/diy.utebert.de\/wp-content\/uploads\/2020\/06\/IMG_20200412_083132341-225x300.jpg\" alt=\"\" width=\"225\" height=\"300\" srcset=\"https:\/\/diy.utebert.de\/wp-content\/uploads\/2020\/06\/IMG_20200412_083132341-225x300.jpg 225w, https:\/\/diy.utebert.de\/wp-content\/uploads\/2020\/06\/IMG_20200412_083132341-768x1024.jpg 768w, https:\/\/diy.utebert.de\/wp-content\/uploads\/2020\/06\/IMG_20200412_083132341-1152x1536.jpg 1152w, https:\/\/diy.utebert.de\/wp-content\/uploads\/2020\/06\/IMG_20200412_083132341-1536x2048.jpg 1536w, https:\/\/diy.utebert.de\/wp-content\/uploads\/2020\/06\/IMG_20200412_083132341-scaled.jpg 1920w\" sizes=\"auto, (max-width: 225px) 100vw, 225px\" \/> \u00a0 \u00a0 \u00a0 <img loading=\"lazy\" decoding=\"async\" class=\"alignnone size-medium wp-image-193\" src=\"https:\/\/diy.utebert.de\/wp-content\/uploads\/2020\/06\/IMG_20170501_120517-225x300.jpg\" alt=\"\" width=\"225\" height=\"300\" srcset=\"https:\/\/diy.utebert.de\/wp-content\/uploads\/2020\/06\/IMG_20170501_120517-225x300.jpg 225w, https:\/\/diy.utebert.de\/wp-content\/uploads\/2020\/06\/IMG_20170501_120517-768x1024.jpg 768w, https:\/\/diy.utebert.de\/wp-content\/uploads\/2020\/06\/IMG_20170501_120517-1152x1536.jpg 1152w, https:\/\/diy.utebert.de\/wp-content\/uploads\/2020\/06\/IMG_20170501_120517.jpg 1536w\" sizes=\"auto, (max-width: 225px) 100vw, 225px\" \/><\/p>\n<p>&nbsp;<\/p>\n<p style=\"text-align: center;\">Sommerzimmer<\/p>\n<p style=\"text-align: center;\"><img loading=\"lazy\" decoding=\"async\" class=\"alignnone size-medium wp-image-190\" src=\"https:\/\/diy.utebert.de\/wp-content\/uploads\/2020\/06\/IMG_20200614_184113225-225x300.jpg\" alt=\"\" width=\"225\" height=\"300\" \/><\/p>\n<p>&nbsp;<\/p>\n<p style=\"text-align: center;\">Atelier<\/p>\n<p style=\"text-align: center;\"><img loading=\"lazy\" decoding=\"async\" class=\"alignnone size-medium wp-image-191\" src=\"https:\/\/diy.utebert.de\/wp-content\/uploads\/2020\/06\/IMG_20190812_191825413-300x225.jpg\" alt=\"\" width=\"300\" height=\"225\" \/><\/p>\n<p>&nbsp;<\/p>\n<p style=\"text-align: center;\">(Fotos: U. Ebert)<\/p>\n","protected":false},"excerpt":{"rendered":"<p>An unserem H\u00e4uschen h\u00e4ngt eine ehemalige, nachtr\u00e4glich verglaste Veranda von etwa 9 Quadratmetern &#8211; der am vielseitigsten genutzte Raum&#8230;..<\/p>\n","protected":false},"author":1,"featured_media":0,"comment_status":"open","ping_status":"open","sticky":false,"template":"","format":"standard","meta":{"footnotes":""},"categories":[1],"tags":[],"class_list":["post-183","post","type-post","status-publish","format-standard","hentry","category-allgemein"],"_links":{"self":[{"href":"https:\/\/diy.utebert.de\/index.php?rest_route=\/wp\/v2\/posts\/183","targetHints":{"allow":["GET"]}}],"collection":[{"href":"https:\/\/diy.utebert.de\/index.php?rest_route=\/wp\/v2\/posts"}],"about":[{"href":"https:\/\/diy.utebert.de\/index.php?rest_route=\/wp\/v2\/types\/post"}],"author":[{"embeddable":true,"href":"https:\/\/diy.utebert.de\/index.php?rest_route=\/wp\/v2\/users\/1"}],"replies":[{"embeddable":true,"href":"https:\/\/diy.utebert.de\/index.php?rest_route=%2Fwp%2Fv2%2Fcomments&post=183"}],"version-history":[{"count":1,"href":"https:\/\/diy.utebert.de\/index.php?rest_route=\/wp\/v2\/posts\/183\/revisions"}],"predecessor-version":[{"id":194,"href":"https:\/\/diy.utebert.de\/index.php?rest_route=\/wp\/v2\/posts\/183\/revisions\/194"}],"wp:attachment":[{"href":"https:\/\/diy.utebert.de\/index.php?rest_route=%2Fwp%2Fv2%2Fmedia&parent=183"}],"wp:term":[{"taxonomy":"category","embeddable":true,"href":"https:\/\/diy.utebert.de\/index.php?rest_route=%2Fwp%2Fv2%2Fcategories&post=183"},{"taxonomy":"post_tag","embeddable":true,"href":"https:\/\/diy.utebert.de\/index.php?rest_route=%2Fwp%2Fv2%2Ftags&post=183"}],"curies":[{"name":"wp","href":"https:\/\/api.w.org\/{rel}","templated":true}]}}